{"id":764,"date":"2023-01-17T12:53:36","date_gmt":"2023-01-17T12:53:36","guid":{"rendered":"http:\/\/www.mnatanek.stronazen.pl\/?p=764"},"modified":"2023-02-06T15:17:45","modified_gmt":"2023-02-06T15:17:45","slug":"sesja-rodzinna","status":"publish","type":"post","link":"https:\/\/www.mnatanek.stronazen.pl\/index.php\/2023\/01\/17\/sesja-rodzinna\/","title":{"rendered":"domowa sesja rodzinna lifestyle"},"content":{"rendered":"\n<p>Domowa sesja rodzinna. Ach, te domowe sesje zdj\u0119ciowe! Tu czujecie si\u0119 bezpiecznie, tu mo\u017cecie by\u0107 sob\u0105. W swoim naturalnym \u015brodowisku, w otoczeniu przedmiot\u00f3w, kt\u00f3re sprawiaj\u0105, \u017ce czujecie si\u0119 dobrze i budz\u0105 wspomnienia.\u00a0Po prostu w domu w Krakowie.  Nie musicie w stresie i po\u015bpiechu szykowa\u0107 si\u0119 do wyj\u015bcia na um\u00f3wion\u0105 godzin\u0119, pop\u0119dza\u0107, pilnowa\u0107, przypomina\u0107, by w ko\u0144cu pok\u0142\u00f3ci\u0107 si\u0119 ze wszystkimi. Ekscytacja udziela si\u0119 ka\u017cdemu. Nie musicie przesadnie stresowa\u0107 si\u0119 stylizacj\u0105, bo Wasza pe\u0142na szafa daje nam mo\u017cliwo\u015b\u0107 dobrania odpowiedniego stroju lub jego zmiany na bie\u017c\u0105co, podczas sesji.<\/p>\n\n\n\n<p>Wasze dzieci s\u0105 na swoim terenie, wi\u0119c niczym nieskr\u0119powane poka\u017c\u0105 swoje najbardziej urocze oblicze podczas wsp\u00f3lnej zabawy i przytulas\u00f3w. A gdy poczuj\u0105 si\u0119 zm\u0119czone, mog\u0105 schowa\u0107 si\u0119 w swoim pokoju, w\u015br\u00f3d ksi\u0105\u017ceczek i zabawek, kt\u00f3re pozwol\u0105 si\u0119 wyciszy\u0107 i szybko zregenerowa\u0107. Wasz dom to Wy, wi\u0119c z pewno\u015bci\u0105 jest odpowiedni do sesji. Nie potrzebuj\u0119 wn\u0119trz z katalogu. Potrzebuj\u0119 kochaj\u0105cych si\u0119 ludzi&#8230; oraz kawa\u0142ka \u015bciany i okna <img decoding=\"async\" loading=\"lazy\" width=\"16\" height=\"16\" src=\"https:\/\/lh4.googleusercontent.com\/zn9duu3HXO86Qt6TsmAeG5XBF1fC_ELmGxvouORPuiBeNPQWHCn07tcWJl_JMON0zZgacggbOiVt7QwVX72nLoi_s7ygbdOOGU63ZqcT6zaXboaPmNKznDl0PdGiCArT_X958cqi_zBL_yKWi2l3YGHupZNP4-8pUdlukPpZObt9gmN2xNEl_IVEzIoPqA\" alt=\"?\"><\/p>\n\n\n\n<p>Tu jest Wasze miejsce na ziemi. Wasz raj. Wasze niebo. Tu mieszka mi\u0142o\u015b\u0107. Wi\u0119c po co szuka\u0107 miejsca na zatrzymanie rodzinnych chwil gdzie\u015b indziej? <img decoding=\"async\" loading=\"lazy\" alt=\"\u2764\" src=\"https:\/\/lh6.googleusercontent.com\/v8nY0VhMYFvfMN4ViFbQVWQpyBxSpUxBYTq_dDU7524MMmduAqe1Y7bfJokIYXPZDFP1l3ltCUd2jgCQTtAU-1fn53FZL3hjLhavdd2dBuHojS1nOD-6Dbz8_DL9Nh1S0oz_5VeDwiDUmBi36IL1_m1PUauKrK2bzm--2_lmx-pIHbf3MVe-eoNHVSqwzg\" width=\"16\" height=\"16\"><\/p>\n\n\n\n<figure class=\"wp-block-image size-large\"><img decoding=\"async\" loading=\"lazy\" width=\"683\" height=\"1024\" src=\"https:\/\/www.mnatanek.stronazen.pl\/wp-content\/uploads\/2023\/01\/220206_sesjarodzinna_Dominika_media-16-683x1024.jpg\" alt=\"\" class=\"wp-image-544\" srcset=\"https:\/\/www.mnatanek.stronazen.pl\/wp-content\/uploads\/2023\/01\/220206_sesjarodzinna_Dominika_media-16-683x1024.jpg 683w, https:\/\/www.mnatanek.stronazen.pl\/wp-content\/uploads\/2023\/01\/220206_sesjarodzinna_Dominika_media-16-200x300.jpg 200w, https:\/\/www.mnatanek.stronazen.pl\/wp-content\/uploads\/2023\/01\/220206_sesjarodzinna_Dominika_media-16-768x1152.jpg 768w, https:\/\/www.mnatanek.stronazen.pl\/wp-content\/uploads\/2023\/01\/220206_sesjarodzinna_Dominika_media-16-1024x1536.jpg 1024w, https:\/\/www.mnatanek.stronazen.pl\/wp-content\/uploads\/2023\/01\/220206_sesjarodzinna_Dominika_media-16-1320x1980.jpg 1320w, https:\/\/www.mnatanek.stronazen.pl\/wp-content\/uploads\/2023\/01\/220206_sesjarodzinna_Dominika_media-16.jpg 1365w\" sizes=\"(max-width: 683px) 100vw, 683px\" \/><\/figure>\n\n\n\n<p><\/p>\n\n\n\n<figure class=\"wp-block-image size-large\"><img decoding=\"async\" loading=\"lazy\" width=\"683\" height=\"1024\" src=\"https:\/\/www.mnatanek.stronazen.pl\/wp-content\/uploads\/2023\/01\/220206_sesjarodzinna_Dominika_media-23-683x1024.jpg\" alt=\"\" class=\"wp-image-545\" srcset=\"https:\/\/www.mnatanek.stronazen.pl\/wp-content\/uploads\/2023\/01\/220206_sesjarodzinna_Dominika_media-23-683x1024.jpg 683w, https:\/\/www.mnatanek.stronazen.pl\/wp-content\/uploads\/2023\/01\/220206_sesjarodzinna_Dominika_media-23-200x300.jpg 200w, https:\/\/www.mnatanek.stronazen.pl\/wp-content\/uploads\/2023\/01\/220206_sesjarodzinna_Dominika_media-23-768x1152.jpg 768w, https:\/\/www.mnatanek.stronazen.pl\/wp-content\/uploads\/2023\/01\/220206_sesjarodzinna_Dominika_media-23-1024x1536.jpg 1024w, https:\/\/www.mnatanek.stronazen.pl\/wp-content\/uploads\/2023\/01\/220206_sesjarodzinna_Dominika_media-23-1320x1980.jpg 1320w, https:\/\/www.mnatanek.stronazen.pl\/wp-content\/uploads\/2023\/01\/220206_sesjarodzinna_Dominika_media-23.jpg 1365w\" sizes=\"(max-width: 683px) 100vw, 683px\" \/><\/figure>\n\n\n\n<div class=\"is-layout-flex wp-container-2 wp-block-columns\">\n<div class=\"is-layout-flow wp-block-column\"><\/div>\n<\/div>\n\n\n\n<figure class=\"wp-block-image size-large\"><img decoding=\"async\" loading=\"lazy\" width=\"683\" height=\"1024\" src=\"https:\/\/www.mnatanek.stronazen.pl\/wp-content\/uploads\/2023\/01\/220206_sesjarodzinna_Dominika_media-24-683x1024.jpg\" alt=\"\" class=\"wp-image-546\" srcset=\"https:\/\/www.mnatanek.stronazen.pl\/wp-content\/uploads\/2023\/01\/220206_sesjarodzinna_Dominika_media-24-683x1024.jpg 683w, https:\/\/www.mnatanek.stronazen.pl\/wp-content\/uploads\/2023\/01\/220206_sesjarodzinna_Dominika_media-24-200x300.jpg 200w, https:\/\/www.mnatanek.stronazen.pl\/wp-content\/uploads\/2023\/01\/220206_sesjarodzinna_Dominika_media-24-768x1152.jpg 768w, https:\/\/www.mnatanek.stronazen.pl\/wp-content\/uploads\/2023\/01\/220206_sesjarodzinna_Dominika_media-24-1024x1536.jpg 1024w, https:\/\/www.mnatanek.stronazen.pl\/wp-content\/uploads\/2023\/01\/220206_sesjarodzinna_Dominika_media-24-1320x1980.jpg 1320w, https:\/\/www.mnatanek.stronazen.pl\/wp-content\/uploads\/2023\/01\/220206_sesjarodzinna_Dominika_media-24.jpg 1365w\" sizes=\"(max-width: 683px) 100vw, 683px\" \/><\/figure>\n","protected":false},"excerpt":{"rendered":"<p>Domowa sesja rodzinna. Ach, te domowe sesje zdj\u0119ciowe! Tu czujecie si\u0119 bezpiecznie, tu mo\u017cecie by\u0107 sob\u0105. W swoim naturalnym \u015brodowisku, w otoczeniu przedmiot\u00f3w, kt\u00f3re sprawiaj\u0105, \u017ce czujecie si\u0119 dobrze i budz\u0105 wspomnienia.\u00a0Po prostu w domu w Krakowie. <\/p>\n","protected":false},"author":1,"featured_media":543,"comment_status":"open","ping_status":"open","sticky":false,"template":"","format":"standard","meta":{"_mi_skip_tracking":false,"neve_meta_sidebar":"","neve_meta_container":"","neve_meta_enable_content_width":"","neve_meta_content_width":0,"neve_meta_title_alignment":"","neve_meta_author_avatar":"","neve_post_elements_order":"","neve_meta_disable_header":"","neve_meta_disable_footer":"","neve_meta_disable_title":""},"categories":[1],"tags":[],"_links":{"self":[{"href":"https:\/\/www.mnatanek.stronazen.pl\/index.php\/wp-json\/wp\/v2\/posts\/764"}],"collection":[{"href":"https:\/\/www.mnatanek.stronazen.pl\/index.php\/wp-json\/wp\/v2\/posts"}],"about":[{"href":"https:\/\/www.mnatanek.stronazen.pl\/index.php\/wp-json\/wp\/v2\/types\/post"}],"author":[{"embeddable":true,"href":"https:\/\/www.mnatanek.stronazen.pl\/index.php\/wp-json\/wp\/v2\/users\/1"}],"replies":[{"embeddable":true,"href":"https:\/\/www.mnatanek.stronazen.pl\/index.php\/wp-json\/wp\/v2\/comments?post=764"}],"version-history":[{"count":3,"href":"https:\/\/www.mnatanek.stronazen.pl\/index.php\/wp-json\/wp\/v2\/posts\/764\/revisions"}],"predecessor-version":[{"id":1255,"href":"https:\/\/www.mnatanek.stronazen.pl\/index.php\/wp-json\/wp\/v2\/posts\/764\/revisions\/1255"}],"wp:featuredmedia":[{"embeddable":true,"href":"https:\/\/www.mnatanek.stronazen.pl\/index.php\/wp-json\/wp\/v2\/media\/543"}],"wp:attachment":[{"href":"https:\/\/www.mnatanek.stronazen.pl\/index.php\/wp-json\/wp\/v2\/media?parent=764"}],"wp:term":[{"taxonomy":"category","embeddable":true,"href":"https:\/\/www.mnatanek.stronazen.pl\/index.php\/wp-json\/wp\/v2\/categories?post=764"},{"taxonomy":"post_tag","embeddable":true,"href":"https:\/\/www.mnatanek.stronazen.pl\/index.php\/wp-json\/wp\/v2\/tags?post=764"}],"curies":[{"name":"wp","href":"https:\/\/api.w.org\/{rel}","templated":true}]}}